{"id":1815,"date":"2017-12-09T17:30:37","date_gmt":"2017-12-09T17:30:37","guid":{"rendered":"http:\/\/www.chnk.pl\/?p=1815"},"modified":"2017-12-09T17:30:37","modified_gmt":"2017-12-09T17:30:37","slug":"2-niedziela-adwentu","status":"publish","type":"post","link":"https:\/\/www.chnk.pl\/?p=1815","title":{"rendered":"2 Niedziela Adwentu"},"content":{"rendered":"<p>OG\u0141OSZENIA DUSZPASTERSKIE<br \/>\nNIEDZIELA II ADWENTU<br \/>\n10 grudnia 2017 r.<br \/>\n1. Roraty w tygodniu o godz. 6.00. Dla dzieci od poniedzia\u0142ku do pi\u0105tku o godz. 18.00. Dzieci przynosz\u0105 serduszko z wypisanym dobrym uczynkiem do zawieszenia na drzewku dobrych uczynk\u00f3w. W tym tygodniu mo\u017cna ofiarowa\u0107, za zgod\u0105 rodzic\u00f3w, swoje maskotki, w dobrym stanie, dla dzieci w szpitalu onkologicznym. Prosimy rodzic\u00f3w, aby do\u0142o\u017cyli stara\u0144, by dzieci w og\u00f3le uczestniczy\u0142y w roratach.<br \/>\n2. We wtorek o godz. 6.00 roraty w intencji Stowarzyszenia Matki Bo\u017cej Patronki Dobrej \u015amierci. Po roratach r\u00f3\u017caniec do Siedmiu Bole\u015bci Matki Bo\u017cej i spotkanie op\u0142atkowe.<br \/>\n3. Spotkanie kandydat\u00f3w do bierzmowania z klas II i III we wtorek, 12 grudnia o o godz. 19.00 w kaplicy.<br \/>\n4. Pr\u00f3by do parafialnego koncertu kol\u0119d w salce parafialnej: dla dzieci w \u015brod\u0119 o godz. 16.30, dla doros\u0142ych w pi\u0105tek o godz. 19.00. Zapraszamy, by przygotowa\u0107 Panu Jezusowi wsp\u00f3lnotowe kol\u0119dowanie.<br \/>\n5. Kr\u0105g Biblijny w \u015brod\u0119 o godz. 19.00 w salce parafialnej, gdzie pog\u0142\u0119biamy wiedz\u0119 na te\u00admat Pisma \u015bw. i rozwa\u017camy S\u0142owo Bo\u017ce.<br \/>\n6. Zapraszamy do kina parafialnego, w salce, w sobot\u0119, 16 grudnia o godz. 19.00 na film pt. \u201eM\u0142ody Mesjasz\u201d.<br \/>\n7. W przysz\u0142\u0105 niedziel\u0119 na mszy \u015bw. o godz. 11.15 b\u0119dzie \u015bpiewa\u0107 schola dzieci\u0119ca. Pr\u00f3ba w salce w niedziel\u0119 o godz. 10.15. Zapraszamy wszystkie ch\u0119tne dzieci.<br \/>\n8. B\u00f3g zap\u0142a\u0107 za \u017cywno\u015b\u0107 ofiarowan\u0105 dla potrzebuj\u0105cych z naszej parafii.<br \/>\n9. Prosimy o zg\u0142aszanie chorych i starszych Parafian do spowiedzi \u015bw. adwentowej. Pragnie\u00admy ich odwiedzi\u0107 z sakramentami \u015bwi\u0119tymi w sobot\u0119, 16 grudnia od godz. 9.00.<br \/>\n10. \u015awiece CARITAS oraz op\u0142atki wigilijne w salce parafialnej &#8211; wej\u015bcie z dziedzi\u0144ca. Ofiary przeznaczone na doposa\u017cenie i ogrzewanie ko\u015bcio\u0142a. R\u00f3wnie\u017c w salce kiermasz ozd\u00f3b \u015bwi\u0105tecznych. Ofiary przeznaczone na wakacyjny wypoczynek dzieci z naszej parafii.<br \/>\n11. W drug\u0105 niedziel\u0119 Adwentu, z inicjatywy Konferencji Episkopatu Polski obchodzimy Dzie\u0144 Modlitwy i Pomocy Ko\u015bcio\u0142owi na Wschodzie. W\u0142\u0105czamy si\u0119 w to dzie\u0142o, sk\u0142adaj\u0105c ofiary do puszek przed ko\u015bcio\u0142em. Nasza pomoc dotrze do ludzi \u017cyj\u0105cych w trudnych warunkach za wschodni\u0105 granic\u0105, m.in. w Donbasie, na Ukrainie i na Syberii.<br \/>\n12. Caritas Archidiecezji Pozna\u0144skiej organizuje spotkanie wigilijne dla potrzebuj\u0105cych. W wydarzeniu tym uczestniczy\u0107 b\u0119dzie ok 1700 os\u00f3b &#8211; jest to najwi\u0119ksza wigilia w Polsce . Pro\u015bba, aby w\u0142\u0105czy\u0107 si\u0119 w zorganizowanie wigilii poprzez upieczenie ciasta bez kremu. W roku ubieg\u0142ym podarowano w ten spos\u00f3b ka\u017cdemu 6 kawa\u0142k\u00f3w ciasta, za co jeszcze raz serdeczne B\u00f3g zap\u0142a\u0107. Parafian gotowych do takiego czynu mi\u0142osierdzia prosimy o zg\u0142oszenie swej decyzji do 16 grudnia. Szczeg\u00f3\u0142y przy spotkaniu indywidualnym. Caritas Archidiecezji Pozna\u0144skiej zaprasza osoby chore, niepe\u0142nosprawne i pos\u0142uguj\u0105ce chorym na spotkanie op\u0142atkowe, w dniu 17 grudnia br. w ko\u015bciele Matki Bo\u017cej Bolesnej. Jest to okazja do wsp\u00f3lnej modlitwy, spotkania si\u0119 z Ksi\u0119dzem Biskupem Grzegorzem Balcerkiem, oraz umocnienia w radosnym \u2013 adwentowym oczekiwaniu. Msza \u015bw. o godz. 13.30, spotkanie o godz. 14.30.<br \/>\n13. Zach\u0119camy do czytania prasy katolickiej. W kaplicy przy zakrystii: Przewodnik Katolic\u00adki, (m.in. o tajemnicy spowiedzi), Go\u015b\u0107 Niedzielny, Ola i Ja\u015b, Egzorcysta, Nasza Droga, gazetka parafialna, poczt\u00f3wki bo\u017conarodzeniowe i kropid\u0142a na kol\u0119d\u0119. Koncert \u015bpiewu gregoria\u0144skiego w ko\u015bciele Pierwszych Polskich M\u0119czennik\u00f3w w przysz\u0142\u0105 niedziel\u0119, o godz. 19.00.<br \/>\n14. Zapraszamy na 63-ty Pokutny Marsz R\u00f3\u017ca\u0144cowy organizowany przez Krucjat\u0119 R\u00f3\u017ca\u0144cow\u0105 za Ojczyzn\u0119 dnia 17 grudnia 2017 r.<br \/>\nSPOTYKAMY SI\u0118 JAK ZAWSZE na Mszy \u015bw. w Ko\u015bciele Bo\u017cego Cia\u0142a o godz. 12.30 nast\u0119pnie ok. godz.13.30 wyruszamy ulicami Starego Miasta z modlitw\u0105 r\u00f3\u017ca\u0144cow\u0105. O godz. 15.30 odnowimy \u015aluby Jasnog\u00f3rskie i zawierzymy si\u0119 Niepokalanemu Sercu Maryi w Sanktuarium Matki Bo\u017cej w Cudy Wielmo\u017cnej. Modlimy si\u0119 z Maryj\u0105, nasz\u0105 Kr\u00f3low\u0105 o Polsk\u0119 wiern\u0105 Bogu, Krzy\u017cowi i Ewangelii oraz o wype\u0142nienie Jasnog\u00f3rskich \u015alub\u00f3w Narodu.<br \/>\n15. M\u00f3dlmy si\u0119 w intencji rych\u0142ej odbudowy Pomnika Wdzi\u0119czno\u015bci w Poznaniu ze s\u0142owa\u00admi \u201dNaj\u015bwi\u0119tszemu Sercu Jezusa -Wskrzeszona Polska\u201d, kt\u00f3re to s\u0142owa przypomina\u0142y o przymierzu z Bogiem jako warunku niepodleg\u0142o\u015bci Ojczyzny. M\u00f3dlmy si\u0119. Naj\u015bwi\u0119tsze Serce Jezusa, zmi\u0142uj si\u0119 nad nami.<br \/>\n16. M\u00f3dlmy si\u0119 za zmar\u0142ych parafian. Za dusz\u0119 \u015bp. Zbigniewa Nowaka, os. Lecha 17. Msza \u015bw. pogrzebowa w \u015brod\u0119 o godz. 16.45. Wieczny odpoczynek racz zmar\u0142ym da\u0107 Panie.<br \/>\nModlitwa za rodziny &#8211; z inicjatywy Konferencji Episkopatu Polski<\/p>\n<p>Bo\u017ce, w Tr\u00f3jcy \u015awi\u0119tej Jedyny, \u017ar\u00f3d\u0142o \u017cycia i mi\u0142o\u015bci wszystkich ludzi! Dzi\u0119kujemy za to, \u017ce stworzy\u0142e\u015b nas \u2013 m\u0119\u017cczyznami i kobietami, aby\u015bmy si\u0119 nawzajem uzupe\u0142niali i byli dla siebie wzajemn\u0105 pomoc\u0105. Dzi\u0119kujemy, \u017ce przez Jezusa Chrystusa u\u015bwi\u0119ci\u0142e\u015b ma\u0142\u017ce\u0144stwo, ustanawiaj\u0105c je sakramentem. Spraw, aby ka\u017cda rodzina sta\u0142a si\u0119 sanktuarium \u017cycia i mi\u0142o\u015bci. Pom\u00f3\u017c wszystkim ma\u0142\u017conkom trwa\u0107 w wierno\u015bci i jedno\u015bci. Wspieraj ma\u0142\u017ce\u0144stwa i rodziny zagro\u017cone oraz dotkni\u0119te rozmaitymi kryzysami. Oddajemy Ci, Bo\u017ce, wszystkie dzieci od momentu pocz\u0119cia. Niech ciesz\u0105 si\u0119 mi\u0142o\u015bci\u0105 matki i ojca. Spraw, by dzieci i m\u0142odzie\u017c znalaz\u0142y w rodzinach silne wsparcie dla wzrostu w prawdzie i mi\u0142o\u015bci. Umacniaj dziadk\u00f3w i babcie, aby umieli dzieli\u0107 si\u0119 m\u0105dro\u015bci\u0105 i wiar\u0105 z m\u0142odymi. Prosimy, by stanowi\u0105cy prawa i sprawuj\u0105cy w\u0142adz\u0119 s\u0142u\u017cyli pocz\u0119temu \u017cyciu, ma\u0142\u017ce\u0144stwu i rodzinie. \u015awi\u0119ta Rodzino z Nazaretu, wspomagaj, aby umacnia\u0142a si\u0119 \u015bwiadomo\u015b\u0107 \u015bwi\u0119tego i nierozerwalnego charakteru ma\u0142\u017ce\u0144stwa i rodziny. \u015awi\u0119ta Maryjo, Matko Bo\u017ca, Kr\u00f3lowo rodzin, m\u00f3dl si\u0119 za nami! \u015awi\u0119ty J\u00f3zefie, g\u0142owo \u015awi\u0119tej Rodziny, m\u00f3dl si\u0119 za nami!<br \/>\n\u015awi\u0119ty Janie Pawle II, papie\u017cu rodziny, m\u00f3dl si\u0119 za nami!<\/p>\n<p>&nbsp;<\/p>\n","protected":false},"excerpt":{"rendered":"<p>OG\u0141OSZENIA DUSZPASTERSKIE NIEDZIELA II ADWENTU 10 grudnia 2017 r. 1. Roraty w tygodniu o godz. 6.00. Dla dzieci od poniedzia\u0142ku do pi\u0105tku o godz. 18.00. Dzieci przynosz\u0105 serduszko z wypisanym dobrym uczynkiem do zawieszenia na drzewku dobrych uczynk\u00f3w. W tym tygodniu mo\u017cna ofiarowa\u0107, za zgod\u0105 rodzic\u00f3w, swoje maskotki, w dobrym stanie, dla dzieci w szpitalu &#8230; <span class=\"more\"><a class=\"more-link\" href=\"https:\/\/www.chnk.pl\/?p=1815\">czytaj wi\u0119cej<\/a><\/span><\/p>\n","protected":false},"author":3,"featured_media":0,"comment_status":"open","ping_status":"open","sticky":false,"template":"","format":"standard","meta":{"ngg_post_thumbnail":0,"footnotes":""},"categories":[4,3],"tags":[],"_links":{"self":[{"href":"https:\/\/www.chnk.pl\/index.php?rest_route=\/wp\/v2\/posts\/1815"}],"collection":[{"href":"https:\/\/www.chnk.pl\/index.php?rest_route=\/wp\/v2\/posts"}],"about":[{"href":"https:\/\/www.chnk.pl\/index.php?rest_route=\/wp\/v2\/types\/post"}],"author":[{"embeddable":true,"href":"https:\/\/www.chnk.pl\/index.php?rest_route=\/wp\/v2\/users\/3"}],"replies":[{"embeddable":true,"href":"https:\/\/www.chnk.pl\/index.php?rest_route=%2Fwp%2Fv2%2Fcomments&post=1815"}],"version-history":[{"count":1,"href":"https:\/\/www.chnk.pl\/index.php?rest_route=\/wp\/v2\/posts\/1815\/revisions"}],"predecessor-version":[{"id":1816,"href":"https:\/\/www.chnk.pl\/index.php?rest_route=\/wp\/v2\/posts\/1815\/revisions\/1816"}],"wp:attachment":[{"href":"https:\/\/www.chnk.pl\/index.php?rest_route=%2Fwp%2Fv2%2Fmedia&parent=1815"}],"wp:term":[{"taxonomy":"category","embeddable":true,"href":"https:\/\/www.chnk.pl\/index.php?rest_route=%2Fwp%2Fv2%2Fcategories&post=1815"},{"taxonomy":"post_tag","embeddable":true,"href":"https:\/\/www.chnk.pl\/index.php?rest_route=%2Fwp%2Fv2%2Ftags&post=1815"}],"curies":[{"name":"wp","href":"https:\/\/api.w.org\/{rel}","templated":true}]}}