{"id":1802,"date":"2017-12-02T20:35:52","date_gmt":"2017-12-02T20:35:52","guid":{"rendered":"http:\/\/www.chnk.pl\/?p=1802"},"modified":"2017-12-02T20:46:15","modified_gmt":"2017-12-02T20:46:15","slug":"1-niedziela-adwentu","status":"publish","type":"post","link":"https:\/\/www.chnk.pl\/?p=1802","title":{"rendered":"1 Niedziela Adwentu"},"content":{"rendered":"<p>OG\u0141OSZENIA DUSZPASTERSKIE<\/p>\n<p>I NIEDZIELA ADWENTU<br \/>\n3 grudnia 2017 r.<br \/>\n1.Kalendarz liturgiczny: poniedzia\u0142ek &#8211; \u015bw. Barbary i \u015bw. Jana Damasce\u0144skiego, \u015broda \u2013 \u015bw. Miko\u0142aja, czwartek \u2013 \u015bw. Ambro\u017cego, pi\u0105tek \u2013 uroczysto\u015b\u0107 Niepokalanego Pocz\u0119cia NMP, sobota \u2013 \u015bw. Jana Diego.<br \/>\n2. W Adwencie zapraszamy na roraty: od poniedzia\u0142ku do pi\u0105tku o godz. 18.00 dla dzieci i od poniedzia\u0142ku do soboty o godz. 6.00 dla m\u0142odzie\u017cy, zw\u0142aszcza przygotowuj\u0105cej si\u0119 do bierzmowania. Prosimy o zaakcentowanie Adwentu w rodzinach przez: wieniec adwentowy lub zapalon\u0105 \u015bwiec\u0119 przy wsp\u00f3lnej modlitwie. R\u00f3\u017caniec do Matki Bo\u017cej Patronki Dobrej \u015amierci we wtorek rano po roratach.<br \/>\n3. W pi\u0105tek Uroczysto\u015b\u0107 Niepokalanego Pocz\u0119cia Naj\u015bwi\u0119tszej Maryi Panny. Msza \u015bw. w naszym ko\u015bciele o godz. 6.00, 8.00, 16.30, 18.00 i 19.00. Godzinki o Niepokalanym Po\u00adcz\u0119ciu o godz. 6.40. Od godz. 12.00 do 13.00 modlitewne czuwanie. Po\u015bwi\u0119cenie medali\u00adk\u00f3w dzieci pierszokomunijnych na mszy \u015bw. o godz. 18.00. Ofiary na biedne ko\u015bcio\u0142y. Na Ostrowiu Tumskim w tym dniu o godz. 18.00 Procesja \u015awiat\u0142a, kt\u00f3ra z\u00a0ko\u015bcio\u0142a \u015bw. Ma\u0142go\u00adrzaty na \u015ar\u00f3dce przejdzie do Figury Matki Bo\u017cej przy ko\u015bciele Panny Maryi, aby podzi\u0119kowa\u0107 Bogu za \u0142ask\u0119 wiary, kt\u00f3ra na tej ziemi roz\u015bwietla drogi \u017cycia od 1050 lat. Przynosimy znicze lub lampiony. Po procesji, oko\u0142o godziny 1900 w Katedrze msza \u015bw. Nie obowi\u0105zuje post.<br \/>\n4. Spotkanie informacyjne dla pielgrzym\u00f3w do Lwowa odb\u0119dzie si\u0119 we wtorek, 5 grudnia o godz. 18.45 w salce.<br \/>\n5. Zapraszamy na Kr\u0105g Biblijny w \u015brod\u0119 o godz. 19.00 do salki, gdzie rozwa\u017camy S\u0142owo Bo\u017ce oraz pog\u0142\u0119biamy wiedz\u0119 na temat Pisma \u015bw.<br \/>\n6. Pr\u00f3by do parafialnego koncertu kol\u0119d: dla dzieci we wtorek i \u015brod\u0119 o godz. 16.30 w salce parafialnej; dla doros\u0142ych w pi\u0105tek o godz. 19.45. Zapraszamy na przygotowanie rodzinnego kol\u0119dowania.<br \/>\n7. Spotkanie katechetyczne dla dzieci, przygotowuj\u0105ce do I Komunii \u015bw. w czwartek o godz. 15.45 i 16.45 wed\u0142ug ustalonych grup i r\u00f3wnolegle w drugiej salce spotkanie katechetyczne dla rodzic\u00f3w tych dzieci. Po\u015bwi\u0119cenie medalika w pi\u0105tek, 8 grudnia, na mszy \u015bw. o godz. 18.00.<br \/>\n8. Prosimy o zg\u0142aszanie w zakrystii chorych do spowiedzi \u015bw. adwentowej, na sobot\u0119, 16 grudnia od godz. 9.00.<br \/>\n9. B\u00f3g zap\u0142a\u0107 za \u017cywno\u015b\u0107 ofiarowan\u0105 dla potrzebuj\u0105cych z parafii. Wydawanie \u017cywno\u015bci we wtorek od godz. 17.00 do 19.00.<br \/>\n10. W salce parafialnej, \u015bwiece CARITAS i op\u0142atki wigilijne. Ofiary przeznaczone na do\u00adposa\u017canie i ogrzewanie naszego ko\u015bcio\u0142a. W przysz\u0142\u0105 niedziel\u0105 przed ko\u015bcio\u0142em mo\u017cliwo\u015b\u0107 z\u0142o\u017cenia ofiary na pomoc Ko\u015bcio\u0142owi na Wschodzie. Wi\u0119cej informacji o Ko\u015bciele na Wschodzie w gazetce parafialnej<br \/>\n11. Zach\u0119camy do czytania prasy katolickiej: Przewodnik Katolicki ( artyku\u0142 jak nie zmarnowa\u0107 trzech tygodni Adwentu), Ma\u0142y Przewodnik Ka\u00adtolicki, Go\u015b\u0107 Niedzielny, Ola i Ja\u015b, gazetka parafialna, poczt\u00f3wki z religijnymi motywami Bo\u017cego Narodzenia, kropid\u0142o na kol\u0119d\u0119. Msza \u015bw. za dusz\u0119 W.A. Mozarta, w 226 rocznic\u0119 \u015bmierci kompozytora, w rycie \u0142aci\u0144skim, przy d\u017awi\u0119kach mszy \u017ca\u0142obnej kompozytora (Missa Pro Defuncto), zostanie odprawiona w Katedrze 4 grudnia o godz. 23.00.<\/p>\n<p>ADWENTEM rozpoczynamy nowy rok ko\u015bcielny. Ka\u017cdego roku Adwent przypomina nam, \u017ce Jezus przyszed\u0142 i nie\u00adustannie przychodzi. Adwent ma by\u0107 czasem pe\u0142nego t\u0119sknoty i mi\u0142o\u015bci oczekiwaniem na spotkanie z Bogiem-Mi\u0142o\u015bci\u0105. Liturgiczna my\u015bl Adwentu ukazuje podw\u00f3jne znaczenie tego okresu. , kt\u00f3re dostrzec mo\u017cna w dw\u00f3ch jego etapach. Pierwszy &#8211; od 1 Niedzieli do 16 grudnia &#8211; sk\u0142ania do spojrzenia w przysz\u0142o\u015b\u0107, kiedy Syn Bo\u017cy, uwielbiony przyjdzie w chwale. Drugi etap Adwentu (od 17 do 24 grudnia), to czas bezpo\u015bredniego przygotowania do Bo\u017cego Narodzenia, to czas szczeg\u00f3lnego wysi\u0142ku odrodzenia w sobie \u017cycia dzieci Bo\u00ad\u017cych. Propozycje postanowie\u0144 adwentowych: 1. udzia\u0142 w roratach, 2. spowied\u017a \u015bw. adwen\u00adtowa<br \/>\nAdwent: (z \u0142ac. adventus \u201eprzyj\u015bcie\u201d) w liturgii chrze\u015bcija\u0144skiej okres czterech tygodni przygotowuj\u0105cy do \u015bwi\u0119towania tajemnicy Bo\u017cego Narodzenia. Sk\u0142ada si\u0119 z dw\u00f3ch cz\u0119\u015bci. Pierwsza cz\u0119\u015b\u0107 Adwentu (do 16 grudnia) akcentuje w tekstach liturgicznych, w modlitwach i czytaniach biblijnych oczekiwanie na drugie przyj\u015bcie Chrystusa. Druga cz\u0119\u015b\u0107 natomiast (od 17 grudnia do 24) przygotowuje bezpo\u015brednio do uroczysto\u015bci Narodzenia Pa\u0144skiego. Rozpoczyna si\u0119 trzeci\u0105 niedziel\u0105 Adwentu zwan\u0105 niedziel\u0105 Gaudete obchodzon\u0105 szczeg\u00f3l\u00adnie rado\u015bnie. Nazwa ta pochodzi od s\u0142\u00f3w antyfony na wej\u015bcie: Gaudete in Domino (radujcie si\u0119 w Panu). W tym dniu szaty liturgiczne s\u0105 r\u00f3\u017cowe. Cho\u0107 Kap\u0142an w okresie Adwentu za\u00adk\u0142ada do Mszy \u015awi\u0119tej ornat w kolorze fioletowym symbolizuj\u0105cym czas pokuty, jest to jednak w odr\u00f3\u017cnieniu od charakteru okresu Wielkiego Postu, czas radosnego przygotowania serc do jednego z najwa\u017cniejszych \u015bwi\u0105t, czas pojednania z Bogiem i lud\u017ami (Iz 40,3). Zwornikiem tekst\u00f3w liturgii adwentowej obydwu cz\u0119\u015bci s\u0105 niedzielne czytania z ksi\u0119gi pro\u00adroka Izajasza (np. w roku liturgicznym A: 2,1-5; 11,1-10; 35,1-6a10; 7,10-14), kt\u00f3re zapo\u00adwiadaj\u0105 radosne przyj\u015bcie Mesjasza. W tym czasie winno si\u0119 odprawi\u0107 rekolekcje, kt\u00f3re maj\u0105 pom\u00f3c wiernym spotka\u0107 si\u0119 z Jezusem szczeg\u00f3lnie w sakramencie pojednania. Pod\u00adczas Adwentu odprawia si\u0119, w dni powszednie przed \u015bwitem, Msz\u0119 \u015bw. ku czci Naj\u015bwi\u0119t\u00adszej Maryi Panny \u2013 roraty. Nazwa ta pochodzi od s\u0142\u00f3w pie\u015bni na wej\u015bcie: Rorate caeli de\u00adsuper (Spu\u015b\u0107cie ros\u0119 niebiosa) i przygotowuje uczestnicz\u0105cych do przyj\u0119cia Jezusa z wielk\u0105 mi\u0142o\u015bci\u0105 na wz\u00f3r Maryi. Jest to Msza w czasie kt\u00f3rej \u015bpiewa si\u0119 Gloria. Najstarsze \u015blady odprawianej w Polsce Mszy roratniej si\u0119gaj\u0105 XII w.<br \/>\nAdwent obchodzony corocznie przypomina jednocze\u015bnie, \u017ce ca\u0142e \u017cycie chrze\u015bcijan winno by\u0107 oczekiwaniem na spotkanie umi\u0142owanego Pana. Pocz\u0105wszy od XI w. pierwsza niedziela Adwentu rozpoczyna w Ko\u015bciele nowy rok liturgiczny (A lub B lub C). Tegorocznym Ad\u00adwentem rozpoczynamy liturgiczny rok A.<\/p>\n<p>Symbole adwentowe:<\/p>\n<p>Wieniec adwentowy: obraz wsp\u00f3lnoty oczekuj\u0105cej w rado\u015bci i mi\u0142o\u015bci swego Pana. Stanowi symbol zwyci\u0119stwa i godno\u015bci kr\u00f3lewskiej. Cztery \u015bwiece symbolizuj\u0105 cztery niedziele Ad\u00adwentu. Zapalanie tych kolejnych \u015bwiec (\u015bwiecy pokoju, wiary, mi\u0142o\u015bci, nadziei) oznacza czuwanie i gotowo\u015b\u0107 na przyj\u015bcie Chrystusa. \u015awiat\u0142o, ziele\u0144, forma kr\u0119gu wie\u0144ca posiadaj\u0105 swoj\u0105 wymow\u0119 i oznaczaj\u0105: nadziej\u0119, \u017cycie, wieczno\u015b\u0107 Boga.<br \/>\nTw\u00f3rc\u0105 wie\u0144ca adwentowego jest niemiecki pastor ewangelicki Johann Wichern (1808-1881). W niekt\u00f3rych parafiach polskich w pierwsz\u0105 niedziel\u0119 Adwentu istnieje zwy\u00adczaj \u015bwi\u0119cenia wie\u0144c\u00f3w adwentowych. Ca\u0142a rodzina gromadz\u0105c si\u0119 przy wsp\u00f3lnej modli\u00adtwie zapala kolejne \u015bwiece na znak czuwania i gotowo\u015bci razem z ca\u0142ym Ko\u015bcio\u0142em na przyj\u015bcie Jezusa.<\/p>\n<p>\u015awieca roratnia: z odprawianiem Mszy roratniej wi\u0105\u017ce si\u0119 zapalanie przy o\u0142tarzu si\u00f3dmej \u015bwiecy ozdobionej bia\u0142\u0105 lub niebiesk\u0105 wst\u0105\u017ck\u0105. Symbolizuje ona Niepokalan\u0105, kt\u00f3ra przy\u00adnios\u0142a \u015bwiatu Chrystusa-s\u0142o\u0144ce.<\/p>\n<p>Kalendarz adwentowy ma zwykle kszta\u0142t drabiny, po kt\u00f3rej Dzieci\u0119 Jezus zst\u0119puje w kie\u00adrunku \u017c\u0142\u00f3bka. Symbolizuje Maryj\u0119, kt\u00f3ra sta\u0142a si\u0119 drabin\u0105 niebiesk\u0105 przez kt\u00f3r\u0105 B\u00f3g zst\u0105pi\u0142 na ziemi\u0119.<\/p>\n<p>Pustynia: potrzebujemy pustyni, by w ciszy us\u0142ysze\u0107 g\u0142os Boga, kt\u00f3ry rozbrzmiewa w nas. Adwent jest wyj\u015bciem na pustyni\u0119 (Oz 2,16), czasem wyprostowywania pokr\u0119conych dr\u00f3g naszego \u017cycia (Mk 1,3; Iz 40,3). To okres kiedy suche jak pustynia serce cz\u0142owieka otrzy\u00admuje obietnic\u0119 wody \u017cywej Zbawiciela (Iz 35,1-3; 45,8).<\/p>\n<p>Pos\u0142any: B\u00f3g Ojciec realizuje sw\u00f3j plan zbawienia poprzez pos\u0142annictwo. Posy\u0142a Jana Chrzciciela, aby przygotowa\u0142 drog\u0119 Panu (Mk 1,1-4). Posy\u0142a Archanio\u0142a Gabriela do dzie\u00adwicy Maryi, aby oznajmi\u0142 jej, \u017ce pocznie i porodzi Syna, kt\u00f3remu nada imi\u0119 Jezus (\u0141k 1,26-38), posy\u0142a swego Syna (\u0141k 4,18), posy\u0142a Ducha Swi\u0119tego (J 14,26). Pos\u0142annictwo Syna znajduje z kolei swoje przed\u0142u\u017cenie w misji jego wys\u0142annik\u00f3w \u2013 dwunastu aposto\u0142\u00f3w, kt\u00f3rych jeszcze za swojego \u017cycia Jezus wys\u0142a\u0142 przed sob\u0105, aby g\u0142osili S\u0142owo (\u0141k 10,3).<\/p>\n<p>Bibliografia<br \/>\nBogus\u0142aw Nadolski, Liturgika, II, Pozna\u0144 1991.<br \/>\nTarsycjusz Sinka, Liturgika, Krak\u00f3w 1994.<\/p>\n","protected":false},"excerpt":{"rendered":"<p>OG\u0141OSZENIA DUSZPASTERSKIE I NIEDZIELA ADWENTU 3 grudnia 2017 r. 1.Kalendarz liturgiczny: poniedzia\u0142ek &#8211; \u015bw. Barbary i \u015bw. Jana Damasce\u0144skiego, \u015broda \u2013 \u015bw. Miko\u0142aja, czwartek \u2013 \u015bw. Ambro\u017cego, pi\u0105tek \u2013 uroczysto\u015b\u0107 Niepokalanego Pocz\u0119cia NMP, sobota \u2013 \u015bw. Jana Diego. 2. W Adwencie zapraszamy na roraty: od poniedzia\u0142ku do pi\u0105tku o godz. 18.00 dla dzieci i od &#8230; <span class=\"more\"><a class=\"more-link\" href=\"https:\/\/www.chnk.pl\/?p=1802\">czytaj wi\u0119cej<\/a><\/span><\/p>\n","protected":false},"author":3,"featured_media":0,"comment_status":"open","ping_status":"open","sticky":false,"template":"","format":"standard","meta":{"ngg_post_thumbnail":0,"footnotes":""},"categories":[4,3],"tags":[],"_links":{"self":[{"href":"https:\/\/www.chnk.pl\/index.php?rest_route=\/wp\/v2\/posts\/1802"}],"collection":[{"href":"https:\/\/www.chnk.pl\/index.php?rest_route=\/wp\/v2\/posts"}],"about":[{"href":"https:\/\/www.chnk.pl\/index.php?rest_route=\/wp\/v2\/types\/post"}],"author":[{"embeddable":true,"href":"https:\/\/www.chnk.pl\/index.php?rest_route=\/wp\/v2\/users\/3"}],"replies":[{"embeddable":true,"href":"https:\/\/www.chnk.pl\/index.php?rest_route=%2Fwp%2Fv2%2Fcomments&post=1802"}],"version-history":[{"count":2,"href":"https:\/\/www.chnk.pl\/index.php?rest_route=\/wp\/v2\/posts\/1802\/revisions"}],"predecessor-version":[{"id":1809,"href":"https:\/\/www.chnk.pl\/index.php?rest_route=\/wp\/v2\/posts\/1802\/revisions\/1809"}],"wp:attachment":[{"href":"https:\/\/www.chnk.pl\/index.php?rest_route=%2Fwp%2Fv2%2Fmedia&parent=1802"}],"wp:term":[{"taxonomy":"category","embeddable":true,"href":"https:\/\/www.chnk.pl\/index.php?rest_route=%2Fwp%2Fv2%2Fcategories&post=1802"},{"taxonomy":"post_tag","embeddable":true,"href":"https:\/\/www.chnk.pl\/index.php?rest_route=%2Fwp%2Fv2%2Ftags&post=1802"}],"curies":[{"name":"wp","href":"https:\/\/api.w.org\/{rel}","templated":true}]}}