{"id":1785,"date":"2017-11-18T17:27:33","date_gmt":"2017-11-18T17:27:33","guid":{"rendered":"http:\/\/www.chnk.pl\/?p=1785"},"modified":"2017-12-02T21:03:22","modified_gmt":"2017-12-02T21:03:22","slug":"33-niedziela-zwykla","status":"publish","type":"post","link":"https:\/\/www.chnk.pl\/?p=1785","title":{"rendered":"33 Niedziela Zwyk\u0142a"},"content":{"rendered":"<p align=\"center\"><span style=\"font-size: x-large;\"><b>OG\u0141OSZENIA DUSZPASTERSKIE <\/b><\/span><\/p>\n<p align=\"right\"><span style=\"font-size: large;\"><b>NIEDZIELA XXXIII ZWYK\u0141A<\/b><\/span><\/p>\n<p align=\"right\"><span style=\"font-size: large;\"><b>19 listopada 2017 r.<\/b><\/span><\/p>\n<p align=\"justify\"><span style=\"color: #000000;\"><span style=\"font-size: large;\"><span lang=\"pl-PL\"><b>1. <\/b><\/span><\/span><\/span><span style=\"color: #000000;\"><span style=\"font-size: large;\"><span lang=\"pl-PL\">Kalendarz liturgiczny: poniedzia\u0142ek \u2013 \u015bw. Rafa\u0142a Kalinowskiego, wtorek &#8211; Ofiarowanie Naj\u015bwi\u0119tszej Maryi Panny, \u015broda \u2013 \u015bw. Cecylii, czwartek \u2013 \u015bw. Klemensa i \u015bw. Kolumbana, pi\u0105tek \u2013 \u015bw. Andrzeja Dung-Lac, sobota &#8211; b\u0142. Marii od Pana Jezusa Dobrego Pasterza oraz \u015bw. Katarzyny Aleksandryjskiej<\/span><\/span><\/span><\/p>\n<p align=\"justify\"><span style=\"color: #000000;\"><span style=\"font-size: large;\"><span lang=\"pl-PL\"><b>2. <\/b><\/span><\/span><\/span><span style=\"color: #000000;\"><span style=\"font-size: large;\"><span lang=\"pl-PL\">Dzisiaj,<\/span><\/span><\/span><span style=\"color: #000000;\"><span style=\"font-size: large;\"><span lang=\"pl-PL\"> 19 listopada 2017 r. przypada og\u0142oszony przez Ojca \u015awi\u0119tego Franciszka \u015awiatowy Dzie\u0144 Ubogich. <\/span><\/span><\/span><span style=\"font-size: large;\">Archidiecezja Pozna\u0144ska w\u0142\u0105cza si\u0119 tak\u017ce w jego prze\u017cywanie. O\u00a0godzinie 15:00 Ksi\u0105dz Arcybiskup Stanis\u0142aw G\u0105decki odprawi w ko\u015bciele pw. Naj\u015bwi\u0119tszego Zbawiciela przy ul. Fredry Msz\u0119 \u015awi\u0119t\u0105 dla wolontariuszy, ubogich i bezdomnych. Nast\u0119pnie wszyscy uczestnicy przejd\u0105 na Plac Wolno\u015bci, gdzie Caritas Archidiecezji przygotuje ciep\u0142y posi\u0142ek. Zaproszeni s\u0105 na to wydarzenie wolontariusze, ubodzy i bezdomni z ca\u0142ego miasta.<\/span><\/p>\n<p align=\"justify\"><span style=\"color: #000000;\"><span style=\"font-size: large;\"><span lang=\"pl-PL\"><b>3. <\/b><\/span><\/span><\/span><span style=\"color: #000000;\"><span style=\"font-size: large;\"><span lang=\"pl-PL\">We wtorek i \u015brod\u0119 prze\u017cywali\u015bmy w naszej parafii<\/span><\/span><\/span><b> <\/b><span style=\"color: #000000;\"><span style=\"font-size: large;\"><span lang=\"pl-PL\">nawiedzenie \u015bw. J\u00f3zefa w w\u0119druj\u0105cej po parafiach archidiecezji Ikonie z Jego wizerunkiem. B\u00f3g zap\u0142a\u0107 Parafianom za udzia\u0142 w nawiedzeniu \u015bw. J\u00f3zefa; za odnowienie \u015blub\u00f3w ma\u0142\u017ce\u0144skich, za przyj\u0119cie sakramentu chorych i za czas modlitwy indywidualnej.<\/span><\/span><\/span><\/p>\n<p align=\"justify\"><span style=\"color: #000000;\"><span style=\"font-size: large;\"><span lang=\"pl-PL\"><b>4. <\/b><\/span><\/span><\/span><span style=\"color: #000000;\"><span style=\"font-size: large;\"><span lang=\"pl-PL\">W przysz\u0142\u0105 niedziele Uroczysto\u015b\u0107 Chrystusa Kr\u00f3la Wszech\u015bwiata, ko\u0144czy si\u0119 rok ko\u015bcielny.<\/span><\/span><\/span><span style=\"color: #000000;\"><span style=\"font-size: large;\"><span lang=\"pl-PL\"> Po ka\u017cdej Mszy \u015bw. wystawienie Naj\u015bwi\u0119tszego Sakramentu i akt po\u015bwi\u0119cenia Jezusowi Chrystusowi Kr\u00f3lowi. Msza \u015bw. ko\u0144czy si\u0119 b\u0142ogos\u0142awie\u0144stwem eucharystycznym.<\/span><\/span><\/span><\/p>\n<p align=\"justify\"><span style=\"color: #000000;\"><span style=\"font-size: large;\"><span lang=\"pl-PL\"><b>5.<\/b><\/span><\/span><\/span><span style=\"color: #000000;\"><span style=\"font-size: large;\"><span lang=\"pl-PL\"> W \u015brod\u0119 Kr\u0105g Biblijny o godz. 19.00 w salce parafialnej.<\/span><\/span><\/span><b> <\/b><span style=\"color: #000000;\"><span style=\"font-size: large;\"><span lang=\"pl-PL\">Zapraszamy do niestrudzonego poznawania Pana Jezusa w S\u0142owie Bo\u017cym.<\/span><\/span><\/span><\/p>\n<p align=\"justify\"><span style=\"color: #000000;\"><span style=\"font-size: large;\"><span lang=\"pl-PL\"><b>6.<\/b><\/span><\/span><\/span> <span style=\"color: #000000;\"><span style=\"font-size: large;\"><span lang=\"pl-PL\">Msza \u015bw. z modlitw\u0105 o uzdrowienie w czwartek o godz. 19.00. Prosimy przynie\u015b\u0107 zapisane na kartkach intencje.<\/span><\/span><\/span><\/p>\n<p align=\"justify\"><span style=\"color: #000000;\"><span style=\"font-size: large;\"><span lang=\"pl-PL\"><b>7. <\/b><\/span><\/span><\/span><span style=\"color: #000000;\"><span style=\"font-size: large;\"><span lang=\"pl-PL\">Koronka do Mi\u0142osierdzia Bo\u017cego w intencji chrze\u015bcijan prze\u015bladowanych w pi\u0105tki o godz. 17.40.<\/span><\/span><\/span><\/p>\n<p align=\"justify\"><span style=\"color: #000000;\"><span style=\"font-size: large;\"><span lang=\"pl-PL\"><b>8. <\/b><\/span><\/span><\/span><span style=\"color: #000000;\"><span style=\"font-size: large;\"><span lang=\"pl-PL\">Rozpoczynamy pr\u00f3by do parafialnego koncertu kol\u0119d. Zapraszamy ch\u0119tnych w ka\u017cdym wieku do w\u0142\u0105czenia si\u0119 w to wsp\u00f3lnotowe wydarzenie. Potrzebne s\u0105 osoby \u015bpiewaj\u0105ce, graj\u0105ce na wszelakich instrumentach, a tak\u017ce osoby, kt\u00f3re pomog\u0105 od strony technicznej. Pr\u00f3ba dla DZIECI we wtorek i \u015brod\u0119 o godz. 16.30 w salce parafialnej. Spotkanie organizacyjne dla DOROS\u0141YCH we wtorek w kaplicy o godz. 19.00. Zapraszamy serdecznie, by przygotowa\u0107 Panu Jezusowi pi\u0119kne, rodzinne, wsp\u00f3lnotowe kol\u0119dowanie.<\/span><\/span><\/span><\/p>\n<p align=\"justify\"><span style=\"color: #000000;\"><span style=\"font-size: large;\"><span lang=\"pl-PL\"><b>9. <\/b><\/span><\/span><\/span><span style=\"color: #000000;\"><span style=\"font-size: large;\"><span lang=\"pl-PL\">W dniach od 9 do 14 lipca 2018 r. pielgrzymka do Lwowa. Po drodze nawiedzenie m.in. sanktuarium \u015bw. Antoniego w Radecznicy oraz zwiedzanie Lublina, Kazimierza Dolnego, Zamo\u015bcia i Na\u0142\u0119czowa. Koszt 1200 z\u0142. Zapisy u ks. Szymona wraz wp\u0142at\u0105 200 z\u0142, do ko\u0144ca listopada. Osoby ju\u017c zapisane prosimy o wp\u0142acenie zaliczki.<\/span><\/span><\/span><\/p>\n<p align=\"justify\"><span style=\"color: #000000;\"><span style=\"font-size: large;\"><span lang=\"pl-PL\"><b>10. <\/b><\/span><\/span><\/span><span style=\"color: #000000;\"><span style=\"font-size: large;\"><span lang=\"pl-PL\">B\u00f3g zap\u0142a\u0107 za ofiary na doposa\u017canie naszego ko\u015bcio\u0142a i na nasze seminarium. <\/span><\/span><\/span><span style=\"color: #000000;\"><span style=\"font-size: large;\"><span lang=\"pl-PL\">B\u00f3g zap\u0142a\u0107 panom za pomoc w sprz\u0105taniu li\u015bci na terenie przyko\u015bcielnym.<\/span><\/span><\/span><\/p>\n<p align=\"justify\"><span style=\"color: #000000;\"><span style=\"font-size: large;\"><span lang=\"pl-PL\"><b>11. <\/b><\/span><\/span><\/span><span style=\"color: #000000;\"><span style=\"font-size: large;\"><span lang=\"pl-PL\">Zach\u0119camy do czytania prasy katolickiej. Przy zakrystii: Przewodnik Katolicki (O tym dlaczego papie\u017c Franciszek ustanowi\u0142 \u015awiatowy Dzie\u0144 Ubogich i jak go obchodzi\u0107), Ma\u0142y Przewodni Katolicki, Go\u015b\u0107 Niedzielny, Ola i Ja\u015b, Ziarno, Egzorcysta, Nasza Droga (dla m\u0142odzie\u017cy) gazetka parafialna.<\/span><\/span><\/span><\/p>\n<p class=\"western\" align=\"justify\">\n","protected":false},"excerpt":{"rendered":"<p>OG\u0141OSZENIA DUSZPASTERSKIE NIEDZIELA XXXIII ZWYK\u0141A 19 listopada 2017 r. 1. Kalendarz liturgiczny: poniedzia\u0142ek \u2013 \u015bw. Rafa\u0142a Kalinowskiego, wtorek &#8211; Ofiarowanie Naj\u015bwi\u0119tszej Maryi Panny, \u015broda \u2013 \u015bw. Cecylii, czwartek \u2013 \u015bw. Klemensa i \u015bw. Kolumbana, pi\u0105tek \u2013 \u015bw. Andrzeja Dung-Lac, sobota &#8211; b\u0142. Marii od Pana Jezusa Dobrego Pasterza oraz \u015bw. Katarzyny Aleksandryjskiej 2. Dzisiaj, 19 &#8230; <span class=\"more\"><a class=\"more-link\" href=\"https:\/\/www.chnk.pl\/?p=1785\">czytaj wi\u0119cej<\/a><\/span><\/p>\n","protected":false},"author":3,"featured_media":0,"comment_status":"open","ping_status":"open","sticky":false,"template":"","format":"standard","meta":{"ngg_post_thumbnail":0,"footnotes":""},"categories":[4,3],"tags":[],"_links":{"self":[{"href":"https:\/\/www.chnk.pl\/index.php?rest_route=\/wp\/v2\/posts\/1785"}],"collection":[{"href":"https:\/\/www.chnk.pl\/index.php?rest_route=\/wp\/v2\/posts"}],"about":[{"href":"https:\/\/www.chnk.pl\/index.php?rest_route=\/wp\/v2\/types\/post"}],"author":[{"embeddable":true,"href":"https:\/\/www.chnk.pl\/index.php?rest_route=\/wp\/v2\/users\/3"}],"replies":[{"embeddable":true,"href":"https:\/\/www.chnk.pl\/index.php?rest_route=%2Fwp%2Fv2%2Fcomments&post=1785"}],"version-history":[{"count":1,"href":"https:\/\/www.chnk.pl\/index.php?rest_route=\/wp\/v2\/posts\/1785\/revisions"}],"predecessor-version":[{"id":1786,"href":"https:\/\/www.chnk.pl\/index.php?rest_route=\/wp\/v2\/posts\/1785\/revisions\/1786"}],"wp:attachment":[{"href":"https:\/\/www.chnk.pl\/index.php?rest_route=%2Fwp%2Fv2%2Fmedia&parent=1785"}],"wp:term":[{"taxonomy":"category","embeddable":true,"href":"https:\/\/www.chnk.pl\/index.php?rest_route=%2Fwp%2Fv2%2Fcategories&post=1785"},{"taxonomy":"post_tag","embeddable":true,"href":"https:\/\/www.chnk.pl\/index.php?rest_route=%2Fwp%2Fv2%2Ftags&post=1785"}],"curies":[{"name":"wp","href":"https:\/\/api.w.org\/{rel}","templated":true}]}}