{"id":1777,"date":"2017-11-11T18:39:54","date_gmt":"2017-11-11T18:39:54","guid":{"rendered":"http:\/\/www.chnk.pl\/?p=1777"},"modified":"2017-12-02T21:03:23","modified_gmt":"2017-12-02T21:03:23","slug":"32-niedziela-zwykla","status":"publish","type":"post","link":"https:\/\/www.chnk.pl\/?p=1777","title":{"rendered":"32 Niedziela Zwyk\u0142a"},"content":{"rendered":"<p>OG\u0141OSZENIA DUSZPASTERSKIE<br \/>\nNIEDZIELA XXXII ZWYK\u0141A<br \/>\n12 listopada 2017 r.<br \/>\n1. \u015awi\u0119to Parafialne, Nawiedzenie Obrazu \u015aw. J\u00f3zefa w naszej Parafii rozpocznie si\u0119 14 listopada o godz. 18.00 i potrwa do 15 listopada godz. 17.30.<br \/>\nWTOREK, 14.11. : godz. 18.00 Ceremonia przywitania obrazu \u015bw. J\u00f3zefa, godz. 18.30 Msza \u015bw. z odnowieniem przyrzecze\u0144 ma\u0142\u017ce\u0144skich i aktem zawierzenia rodzin \u015bw. J\u00f3zefo\u00adwi, godz. 20.00 Przy obrazie \u015bw. J\u00f3zefa gromadzi si\u0119 m\u0142odzie\u017c, zw\u0142aszcza z klas II i II gimnazjum razem z rodzicami.<br \/>\n\u015aRODA, 15.11. Godz. 7.30 Godzinki ku czci \u015bw. J\u00f3zefa, Godz. 8.00 Msza \u015bw., godz. 10.00 Msza \u015bw. z udzia\u0142em os\u00f3b chorych, samotnych i w podesz\u0142ym wieku z udzielaniem sakramentu namaszczenia chorych i aktem zawierzenia ich \u015bw. J\u00f3zefowi, godz. 11.35 Spotkanie dzieci ze \u015bw. J\u00f3zefem, godz. 12.00 Osobiste spotkanie modlitewne ze \u015bw. J\u00f3zefem, godz. 16.00 Nabo\u017ce\u0144stwo ku czci \u015bw. J\u00f3zefa, godz. 16.30 Msza \u015bw. na zako\u0144czenie z aktem zawierzenia parafii \u015bw. J\u00f3zefowi, godz. 17.30 Ceremonia po\u017cegnania obrazu \u015bw. J\u00f3zefa. . 2. R\u00f3\u017canie z wymieniankami o godz. 17.30 z wyj\u0105tkiem wtorku. . 3. Spotkanie ministrant\u00f3w senior\u00f3w w czwartek o godz. 19.00. Zapraszamy tak\u017ce nowych pan\u00f3w chc\u0105cych s\u0142u\u017cy\u0107 przy o\u0142tarzu. . 4. Zapraszamy na kr\u0105g biblijny w \u015brod\u0119 o godz. 19.00 w salce parafialnej.<br \/>\n5. Prosimy o pomoc w grabieniu li\u015bci przy ko\u015bciele, w pi\u0105tek od godz. 15.00.<br \/>\n6. W przysz\u0142\u0105 niedziel\u0119 dzie\u0144 salety\u0144ski. R\u00f3\u017caniec o godz. 17.30, msza \u015bw. i procesja do fi\u00adgury Matki Bo\u017cej Salety\u0144skiej po mszy \u015bw o godz. 9.30. Tym nabo\u017ce\u0144stwem wynagradzamy za opusz\u00adczone niedzielne Msze \u015bw., nieposzanowanie spoczynku niedzielnego i okropne przekle\u0144\u00adstwa i z\u0142orzeczenia.<br \/>\n7. Zapraszamy do kina parafialnego na film pt. \u201eTeraz i w godzin\u0119 \u015bmierci\u201d, w sobot\u0119, 18 listopada o godz. 19.00 do salki parafialnej.<br \/>\n8. W dniach od 9 do 14 lipca 2018 r. pielgrzymka do Lwowa. Po drodze nawiedzenie m.in. sanktuarium \u015bw. Antoniego w Radecznicy oraz zwiedzanie Lublina, Kazimierza Dolnego, Zamo\u015bcia i Na\u0142\u0119czowa. Koszt 1200 z\u0142. Zapisy u ks. Szymona wraz wp\u0142at\u0105 200 z\u0142, do ko\u0144ca listopada.<br \/>\n9. Rozpoczynamy pr\u00f3by do parafialnego koncertu kol\u0119d. Zapraszamy ch\u0119tnych w ka\u017cdym wieku do w\u0142\u0105czenia si\u0119 w to wsp\u00f3lnotowe wydarzenie. Potrzebne \u015b\u0105 osoby \u015bpiewaj\u0105ce, graj\u0105ce na wszelakich instrumentach, a tak\u017ce osoby, kt\u00f3re pomog\u0105 od strony technicznej. Pr\u00f3ba dla dzieci w czwartek, 16 listopada o godz. 16.30 w salce parafialnej. Spotkanie organizacyjne dla doros\u0142ych za tydzie\u0144, 21.11.,we wtorek, w kaplicy, po wieczornej mszy \u015bw. Zapraszamy serdecznie, by przygotowa\u0107 Panu Jezusowi pi\u0119kne, rodzinne kol\u0119dowanie.<br \/>\n10. Przed ko\u015bcio\u0142em mo\u017cliwo\u015b\u0107 z\u0142o\u017cenia ofiary na nasze seminarium.<br \/>\n11. B\u00f3g zap\u0142a\u0107 za ofiary sk\u0142adane na doposa\u017canie naszego Ko\u015bcio\u0142a.<br \/>\n12. Zach\u0119camy do czytania prasy katolickiej. Przy zakrystii: Przewodnik Katolicki, Ma\u0142y Przewodni Katolicki, Ola i Ja\u015b, Droga (dwutygodnik dla m\u0142odzie\u017cy), Go\u015b\u0107 Niedzielny, Egzorcysta, kalendarzyki kieszonkowe Ksi\u0119garni \u015aw. Wojciecha, gazetka parafialna.<br \/>\n13. M\u00f3dlmy si\u0119 za zmar\u0142ych parafian. Za dusz\u0119 \u015bp. Henryka Olczaka. Wieczny odpoczynek racz zmar\u0142ym da\u0107 Panie.<\/p>\n","protected":false},"excerpt":{"rendered":"<p>OG\u0141OSZENIA DUSZPASTERSKIE NIEDZIELA XXXII ZWYK\u0141A 12 listopada 2017 r. 1. \u015awi\u0119to Parafialne, Nawiedzenie Obrazu \u015aw. J\u00f3zefa w naszej Parafii rozpocznie si\u0119 14 listopada o godz. 18.00 i potrwa do 15 listopada godz. 17.30. WTOREK, 14.11. : godz. 18.00 Ceremonia przywitania obrazu \u015bw. J\u00f3zefa, godz. 18.30 Msza \u015bw. z odnowieniem przyrzecze\u0144 ma\u0142\u017ce\u0144skich i aktem zawierzenia rodzin &#8230; <span class=\"more\"><a class=\"more-link\" href=\"https:\/\/www.chnk.pl\/?p=1777\">czytaj wi\u0119cej<\/a><\/span><\/p>\n","protected":false},"author":3,"featured_media":0,"comment_status":"open","ping_status":"open","sticky":false,"template":"","format":"standard","meta":{"ngg_post_thumbnail":0,"footnotes":""},"categories":[4,3],"tags":[],"_links":{"self":[{"href":"https:\/\/www.chnk.pl\/index.php?rest_route=\/wp\/v2\/posts\/1777"}],"collection":[{"href":"https:\/\/www.chnk.pl\/index.php?rest_route=\/wp\/v2\/posts"}],"about":[{"href":"https:\/\/www.chnk.pl\/index.php?rest_route=\/wp\/v2\/types\/post"}],"author":[{"embeddable":true,"href":"https:\/\/www.chnk.pl\/index.php?rest_route=\/wp\/v2\/users\/3"}],"replies":[{"embeddable":true,"href":"https:\/\/www.chnk.pl\/index.php?rest_route=%2Fwp%2Fv2%2Fcomments&post=1777"}],"version-history":[{"count":1,"href":"https:\/\/www.chnk.pl\/index.php?rest_route=\/wp\/v2\/posts\/1777\/revisions"}],"predecessor-version":[{"id":1778,"href":"https:\/\/www.chnk.pl\/index.php?rest_route=\/wp\/v2\/posts\/1777\/revisions\/1778"}],"wp:attachment":[{"href":"https:\/\/www.chnk.pl\/index.php?rest_route=%2Fwp%2Fv2%2Fmedia&parent=1777"}],"wp:term":[{"taxonomy":"category","embeddable":true,"href":"https:\/\/www.chnk.pl\/index.php?rest_route=%2Fwp%2Fv2%2Fcategories&post=1777"},{"taxonomy":"post_tag","embeddable":true,"href":"https:\/\/www.chnk.pl\/index.php?rest_route=%2Fwp%2Fv2%2Ftags&post=1777"}],"curies":[{"name":"wp","href":"https:\/\/api.w.org\/{rel}","templated":true}]}}